{"id":4372,"date":"2025-06-27T14:05:24","date_gmt":"2025-06-27T12:05:24","guid":{"rendered":"https:\/\/www.champagnat-stsymphorien.eu\/?p=4372"},"modified":"2026-02-27T14:54:28","modified_gmt":"2026-02-27T13:54:28","slug":"lundi-23-juin-formation-humaine-pour-les-eleves-de-5eme-sur-la-realite-des-migrants","status":"publish","type":"post","link":"http:\/\/www.champagnat-stsymphorien.eu\/?p=4372","title":{"rendered":"Lundi 23 juin Formation humaine pour les \u00e9l\u00e8ves de 5\u00e8me sur la r\u00e9alit\u00e9 des migrants."},"content":{"rendered":"\n<figure class=\"wp-block-image size-large\"><img loading=\"lazy\" decoding=\"async\" width=\"1024\" height=\"577\" src=\"https:\/\/www.champagnat-stsymphorien.eu\/wp-content\/uploads\/2025\/06\/20250623_084645-1024x577.jpg\" alt=\"\" class=\"wp-image-4373\" srcset=\"http:\/\/www.champagnat-stsymphorien.eu\/wp-content\/uploads\/2025\/06\/20250623_084645-1024x577.jpg 1024w, http:\/\/www.champagnat-stsymphorien.eu\/wp-content\/uploads\/2025\/06\/20250623_084645-300x169.jpg 300w, http:\/\/www.champagnat-stsymphorien.eu\/wp-content\/uploads\/2025\/06\/20250623_084645-768x432.jpg 768w, http:\/\/www.champagnat-stsymphorien.eu\/wp-content\/uploads\/2025\/06\/20250623_084645-1536x865.jpg 1536w, http:\/\/www.champagnat-stsymphorien.eu\/wp-content\/uploads\/2025\/06\/20250623_084645-2048x1153.jpg 2048w\" sizes=\"auto, (max-width: 1024px) 100vw, 1024px\" \/><\/figure>\n\n\n\n<p>Ce lundi 23 juin a eu lieu la formation humaine organis\u00e9e pour nos \u00e9l\u00e8ves de cinqui\u00e8me. Cette rencontre enrichissante avait pour th\u00e8me \u00abLa r\u00e9alit\u00e9 des migrants\u00bb, en <a><\/a>abordant notamment les migrations climatiques et celles r\u00e9sultant de conflits arm\u00e9s dans leurs pays d\u2019origine.<\/p>\n\n\n\n<p>Au cours de cette journ\u00e9e, nos \u00e9l\u00e8ves ont eu l\u2019opportunit\u00e9 de d\u00e9couvrir, \u00e0 travers des t\u00e9moignages et des \u00e9changes, le parcours souvent difficile des personnes qui, en qu\u00eate de s\u00e9curit\u00e9 et d\u2019un avenir meilleur, risquent leur vie pour traverser la M\u00e9diterran\u00e9e ou fuyant la guerre et les oppressions. Pour illustrer ces enjeux, trois associations sont intervenues :<\/p>\n\n\n\n<p>\u2022 SOS M\u00e9diterran\u00e9e \u2013 Cette association \u0153uvre pour sauver la vie de migrants en d\u00e9tresse lors de travers\u00e9es p\u00e9rilleuses de la M\u00e9diterran\u00e9e.<\/p>\n\n\n\n<p>\u2022 La Cimade \u2013 Elle manifeste une solidarit\u00e9 active envers les personnes opprim\u00e9es et exploit\u00e9es et s\u2019engage \u00e0 d\u00e9fendre la dignit\u00e9 ainsi que les droits des r\u00e9fugi\u00e9s et des migrants, quelles que soient leurs origines, opinions politiques ou convictions.<\/p>\n\n\n\n<p>\u2022 Lou novio jouen \u2013 Cette association locale des Monts du Lyonnais intervient aupr\u00e8s des r\u00e9fugi\u00e9s pour faciliter leur insertion dans la r\u00e9gion, favorisant ainsi leur int\u00e9gration et leur acc\u00e8s aux services essentiels.<\/p>\n\n\n\n<p>Cette action \u00e9ducative, ax\u00e9e sur l\u2019\u00e9coute, le respect et la compr\u00e9hension d\u2019un enjeu international majeur, avait pour ambition d&rsquo;enrichir le regard de nos \u00e9l\u00e8ves sur la complexit\u00e9 du monde qui les entoure et de renforcer leurs valeurs citoyennes.<\/p>\n","protected":false},"excerpt":{"rendered":"<p>Ce lundi 23 juin a eu lieu la formation humaine organis\u00e9e pour nos \u00e9l\u00e8ves de cinqui\u00e8me. Cette rencontre enrichissante avait pour th\u00e8me \u00abLa r\u00e9alit\u00e9 des migrants\u00bb, en abordant notamment les migrations climatiques et celles r\u00e9sultant de conflits arm\u00e9s dans leurs pays d\u2019origine. Au cours de cette journ\u00e9e, nos \u00e9l\u00e8ves ont eu l\u2019opportunit\u00e9 de d\u00e9couvrir, \u00e0 [&hellip;]<\/p>\n","protected":false},"author":7,"featured_media":4374,"comment_status":"open","ping_status":"open","sticky":false,"template":"","format":"standard","meta":{"_editorskit_title_hidden":false,"_editorskit_reading_time":0,"_editorskit_is_block_options_detached":false,"_editorskit_block_options_position":"{}","footnotes":""},"categories":[1],"tags":[],"sp_smart_badges":[],"class_list":["post-4372","post","type-post","status-publish","format-standard","has-post-thumbnail","hentry","category-non-classe"],"_links":{"self":[{"href":"http:\/\/www.champagnat-stsymphorien.eu\/index.php?rest_route=\/wp\/v2\/posts\/4372","targetHints":{"allow":["GET"]}}],"collection":[{"href":"http:\/\/www.champagnat-stsymphorien.eu\/index.php?rest_route=\/wp\/v2\/posts"}],"about":[{"href":"http:\/\/www.champagnat-stsymphorien.eu\/index.php?rest_route=\/wp\/v2\/types\/post"}],"author":[{"embeddable":true,"href":"http:\/\/www.champagnat-stsymphorien.eu\/index.php?rest_route=\/wp\/v2\/users\/7"}],"replies":[{"embeddable":true,"href":"http:\/\/www.champagnat-stsymphorien.eu\/index.php?rest_route=%2Fwp%2Fv2%2Fcomments&post=4372"}],"version-history":[{"count":1,"href":"http:\/\/www.champagnat-stsymphorien.eu\/index.php?rest_route=\/wp\/v2\/posts\/4372\/revisions"}],"predecessor-version":[{"id":4375,"href":"http:\/\/www.champagnat-stsymphorien.eu\/index.php?rest_route=\/wp\/v2\/posts\/4372\/revisions\/4375"}],"wp:featuredmedia":[{"embeddable":true,"href":"http:\/\/www.champagnat-stsymphorien.eu\/index.php?rest_route=\/wp\/v2\/media\/4374"}],"wp:attachment":[{"href":"http:\/\/www.champagnat-stsymphorien.eu\/index.php?rest_route=%2Fwp%2Fv2%2Fmedia&parent=4372"}],"wp:term":[{"taxonomy":"category","embeddable":true,"href":"http:\/\/www.champagnat-stsymphorien.eu\/index.php?rest_route=%2Fwp%2Fv2%2Fcategories&post=4372"},{"taxonomy":"post_tag","embeddable":true,"href":"http:\/\/www.champagnat-stsymphorien.eu\/index.php?rest_route=%2Fwp%2Fv2%2Ftags&post=4372"},{"taxonomy":"sp_smart_badges","embeddable":true,"href":"http:\/\/www.champagnat-stsymphorien.eu\/index.php?rest_route=%2Fwp%2Fv2%2Fsp_smart_badges&post=4372"}],"curies":[{"name":"wp","href":"https:\/\/api.w.org\/{rel}","templated":true}]}}